{"id":807,"date":"2023-09-19T13:09:00","date_gmt":"2023-09-19T11:09:00","guid":{"rendered":"http:\/\/www.tee-de-cologne.de\/?p=807"},"modified":"2023-09-19T13:09:00","modified_gmt":"2023-09-19T11:09:00","slug":"jo-laureys-jonas-live-02-10-2023-um-20-uhr","status":"publish","type":"post","link":"http:\/\/www.tee-de-cologne.de\/?p=807","title":{"rendered":"Jo Laureys &#038; Jonas live 02.10.2023 um 20 Uhr"},"content":{"rendered":"\n<figure class=\"wp-block-image size-large\"><img loading=\"lazy\" decoding=\"async\" width=\"724\" height=\"1024\" src=\"http:\/\/www.tee-de-cologne.de\/wp-content\/uploads\/2023\/09\/Facebook-724x1024.jpg\" alt=\"\" class=\"wp-image-808\" srcset=\"http:\/\/www.tee-de-cologne.de\/wp-content\/uploads\/2023\/09\/Facebook-724x1024.jpg 724w, http:\/\/www.tee-de-cologne.de\/wp-content\/uploads\/2023\/09\/Facebook-212x300.jpg 212w, http:\/\/www.tee-de-cologne.de\/wp-content\/uploads\/2023\/09\/Facebook-768x1086.jpg 768w, http:\/\/www.tee-de-cologne.de\/wp-content\/uploads\/2023\/09\/Facebook-1086x1536.jpg 1086w, http:\/\/www.tee-de-cologne.de\/wp-content\/uploads\/2023\/09\/Facebook-1320x1867.jpg 1320w, http:\/\/www.tee-de-cologne.de\/wp-content\/uploads\/2023\/09\/Facebook.jpg 1448w\" sizes=\"auto, (max-width: 724px) 100vw, 724px\" \/><\/figure>\n\n\n\n<p class=\"has-medium-font-size\"><strong>Jo Laureys<\/strong> ist 32 Jahre alt und in Belgien geboren. Seit 2015 ist er nonstop unterwegs, um seine Musik mit der ganzen Welt zu teilen. Die ersten Jahre seiner Karriere war er haupts\u00e4chlich als Stra\u00dfenmusiker unterwegs. Das f\u00fchrte ihn durch ganz Europa und weit dar\u00fcber hinaus. Er spielte in D\u00e4nemark, Schweden, Frankreich, Deutschland, Spanien, Italien, Vietnam, Neuseeland&#8230; Unterwegs gab er viele Konzerte in kleinen Lokalen und Caf\u00e9s oder in den Wohnzimmern von Leuten, die er unterwegs traf.<\/p>\n\n\n\n<p class=\"has-medium-font-size\">Besonders in Deutschland fand er Anschluss an ein gr\u00f6\u00dferes Publikum. Er teilte die B\u00fchne u.a. mit Adam Barnes, Steph Grace, Tom Klose, Sons Of The East, Joseph &amp; Maia und Nico Laska und schrieb seine erste EP &#8222;Running Low&#8220;, die er gemeinsam mit Joseph Thompson schrieb und produzierte. Diese wurde im Jahr 2018 ver\u00f6ffentlicht. Corona zwang ihn dazu, eine 2-j\u00e4hrige Pause einzulegen. Diese 2 Jahre nutzte er, um viele neue Songs zu schreiben und sich als Musiker weiterzuentwickeln. Seine letzten Ver\u00f6ffentlichungen &#8222;firing line&#8220; und &#8222;as long as youre walking with me&#8220; sind 2 der Songs, die er w\u00e4hrend des Lockdowns geschrieben und aufgenommen hat.<\/p>\n\n\n\n<figure class=\"wp-block-embed is-type-video is-provider-youtube wp-block-embed-youtube wp-embed-aspect-16-9 wp-has-aspect-ratio\"><div class=\"wp-block-embed__wrapper\">\n<iframe loading=\"lazy\" hcb-fetch-image-from=\"https:\/\/www.youtube.com\/watch?v=nQT6H4Z0UHs\" title=\"Jo Laureys - Body &amp; Soul (live version\" width=\"640\" height=\"360\" src=\"https:\/\/www.youtube.com\/embed\/nQT6H4Z0UHs?feature=oembed\" frameborder=\"0\" allow=\"accelerometer; autoplay; clipboard-write; encrypted-media; gyroscope; picture-in-picture; web-share\" referrerpolicy=\"strict-origin-when-cross-origin\" allowfullscreen><\/iframe>\n<\/div><\/figure>\n\n\n\n<p class=\"has-medium-font-size\"><strong>Jonas<\/strong>, ehemaliger S\u00e4nger, Gitarrist und Komponist der belgischen Rockband Jacle Bow, begab sich 2022 auf die Suche nach neuen Horizonten. Nach einer mehrmonatigen Reise durch Europa und das Mittelmeer lie\u00df er sich im Sommer in Marseille nieder, mit der Vision, ein intimeres, akustisches Soloprojekt zu entwickeln. Das Ergebnis sind eine Handvoll neuer Songs in franz\u00f6sischer und englischer Sprache sowie neue Arrangements einiger seiner \u00e4lteren Kompositionen. Inspiriert von Gr\u00f6\u00dfen wie den Beatles, Bill Withers, aber auch Serge Gainsbourg, liefert Jonas eine gekonnte und originelle Mischung aus Pop, Folk und Soul.<\/p>\n\n\n\n<p class=\"has-medium-font-size\"><strong>Eintritt 12 \u20ac<\/strong><\/p>\n\n\n\n<p class=\"has-medium-font-size\">Tickets: <a href=\"https:\/\/rausgegangen.de\/events\/jo-laureys-bei-tee-de-cologne-0\">https:\/\/rausgegangen.de\/events\/jo-laureys-bei-tee-de-cologne-0<\/a><\/p>\n","protected":false},"excerpt":{"rendered":"<p>Jo Laureys ist 32 Jahre alt und in Belgien geboren. Seit 2015 ist er nonstop unterwegs, um seine Musik mit der ganzen Welt zu teilen. Die ersten Jahre seiner Karriere war er haupts\u00e4chlich als Stra\u00dfenmusiker unterwegs. Das f\u00fchrte ihn durch &hellip; <a href=\"http:\/\/www.tee-de-cologne.de\/?p=807\">Weiterlesen <span class=\"meta-nav\">&rarr;<\/span><\/a><\/p>\n","protected":false},"author":1,"featured_media":0,"comment_status":"closed","ping_status":"","sticky":false,"template":"","format":"standard","meta":{"footnotes":""},"categories":[3],"tags":[25,40,9],"class_list":["post-807","post","type-post","status-publish","format-standard","hentry","category-veranstaltungen","tag-konzert","tag-rausgegangen","tag-singersongwriter"],"_links":{"self":[{"href":"http:\/\/www.tee-de-cologne.de\/index.php?rest_route=\/wp\/v2\/posts\/807","targetHints":{"allow":["GET"]}}],"collection":[{"href":"http:\/\/www.tee-de-cologne.de\/index.php?rest_route=\/wp\/v2\/posts"}],"about":[{"href":"http:\/\/www.tee-de-cologne.de\/index.php?rest_route=\/wp\/v2\/types\/post"}],"author":[{"embeddable":true,"href":"http:\/\/www.tee-de-cologne.de\/index.php?rest_route=\/wp\/v2\/users\/1"}],"replies":[{"embeddable":true,"href":"http:\/\/www.tee-de-cologne.de\/index.php?rest_route=%2Fwp%2Fv2%2Fcomments&post=807"}],"version-history":[{"count":4,"href":"http:\/\/www.tee-de-cologne.de\/index.php?rest_route=\/wp\/v2\/posts\/807\/revisions"}],"predecessor-version":[{"id":812,"href":"http:\/\/www.tee-de-cologne.de\/index.php?rest_route=\/wp\/v2\/posts\/807\/revisions\/812"}],"wp:attachment":[{"href":"http:\/\/www.tee-de-cologne.de\/index.php?rest_route=%2Fwp%2Fv2%2Fmedia&parent=807"}],"wp:term":[{"taxonomy":"category","embeddable":true,"href":"http:\/\/www.tee-de-cologne.de\/index.php?rest_route=%2Fwp%2Fv2%2Fcategories&post=807"},{"taxonomy":"post_tag","embeddable":true,"href":"http:\/\/www.tee-de-cologne.de\/index.php?rest_route=%2Fwp%2Fv2%2Ftags&post=807"}],"curies":[{"name":"wp","href":"https:\/\/api.w.org\/{rel}","templated":true}]}}