{"id":664,"date":"2022-06-14T16:28:50","date_gmt":"2022-06-14T14:28:50","guid":{"rendered":"http:\/\/www.tee-de-cologne.de\/?p=664"},"modified":"2022-06-17T14:22:36","modified_gmt":"2022-06-17T12:22:36","slug":"23-06-2022-manfred-theisen-liest-aus-der-pate-von-ehrenfeld","status":"publish","type":"post","link":"http:\/\/www.tee-de-cologne.de\/?p=664","title":{"rendered":"Muss leider wegen Quarant\u00e4ne der TeeFee verschoben werden! Manfred Theisen liest aus &#8222;Der Pate von Ehrenfeld&#8220;"},"content":{"rendered":"\n<figure class=\"wp-block-image size-large\"><img loading=\"lazy\" decoding=\"async\" width=\"724\" height=\"1024\" src=\"http:\/\/www.tee-de-cologne.de\/wp-content\/uploads\/2022\/06\/Poster-der-Pate-von-Ehrenfeld-724x1024.jpg\" alt=\"\" class=\"wp-image-665\" srcset=\"http:\/\/www.tee-de-cologne.de\/wp-content\/uploads\/2022\/06\/Poster-der-Pate-von-Ehrenfeld-724x1024.jpg 724w, http:\/\/www.tee-de-cologne.de\/wp-content\/uploads\/2022\/06\/Poster-der-Pate-von-Ehrenfeld-212x300.jpg 212w, http:\/\/www.tee-de-cologne.de\/wp-content\/uploads\/2022\/06\/Poster-der-Pate-von-Ehrenfeld-768x1086.jpg 768w, http:\/\/www.tee-de-cologne.de\/wp-content\/uploads\/2022\/06\/Poster-der-Pate-von-Ehrenfeld-600x848.jpg 600w, http:\/\/www.tee-de-cologne.de\/wp-content\/uploads\/2022\/06\/Poster-der-Pate-von-Ehrenfeld-1086x1536.jpg 1086w, http:\/\/www.tee-de-cologne.de\/wp-content\/uploads\/2022\/06\/Poster-der-Pate-von-Ehrenfeld-1448x2048.jpg 1448w, http:\/\/www.tee-de-cologne.de\/wp-content\/uploads\/2022\/06\/Poster-der-Pate-von-Ehrenfeld.jpg 1754w\" sizes=\"auto, (max-width: 724px) 100vw, 724px\" \/><\/figure>\n\n\n\n<p class=\"has-medium-font-size\">DER PATE VON EHRENFELD<\/p>\n\n\n\n<p class=\"has-medium-font-size\">Kriminalroman<\/p>\n\n\n\n<p class=\"has-medium-font-size\">Marlon ist eigentlich ein netter Kerl. Und noch dazu frisch verliebt. Doch er soll die Mafiagesch\u00e4fte seines Gro\u00dfonkels in K\u00f6ln-Ehrenfeld \u00fcbernehmen, was die Sache mit dem nett sein schon mal erschwert. Ein bisschen Pech hat er obendrein: Die albanische Mafia droht das heilige Gleichgewicht von Clans und Kl\u00fcngel in der Stadt ordentlich durcheinander zu bringen &#8211; denn die kennt keine Ehre, keine Gnade und erst recht nicht das \u00bbK\u00f6lsche Grundgesetz\u00ab. Ein explosiver und humorvoller Mix aus K\u00f6lsch, Mafia und Kl\u00fcngel!<\/p>\n\n\n\n<p class=\"has-medium-font-size\">MANFRED THEISEN<\/p>\n\n\n\n<p class=\"has-medium-font-size\">Er lebt nicht nur in K\u00f6ln, sondern er lebt K\u00f6ln: Manfred Theisen. Einst Lokalreporter wurde er f\u00fcr seine Romane ausgezeichnet, die unter anderem in Israel, Estland oder der Karibik spielen. Nun sch\u00f6pft er in seiner Heimatstadt K\u00f6ln aus dem Vollen und dringt mit seiner Figur des jungen Paten Marlon in einer wilden humorvollen Mafiastory tief in den Stadtbezirk Ehrenfeld ein. Der machte in den vergangenen Jahren nicht nur durch seine Partyszene, sondern auch durch prominente Bewohner wie etwa den Entertainer Jan B\u00f6hmermann, Schriftsteller G\u00fcnter Wallraff oder die Musikgruppe Brings von sich reden.<\/p>\n\n\n\n<p class=\"has-medium-font-size\">Der <strong>Eintritt <\/strong>ist &#8211; abweichend vom Plakat! &#8211; <strong>frei<\/strong>, bitte reservieren Sie Ihren Platz!<\/p>\n\n\n\n<p class=\"has-medium-font-size\">Eine Veranstaltung im Rahmen des Sonderprogramms <strong>Aufgeschlagen! <\/strong>des Landes Nordrhein-Westfalen<\/p>\n\n\n\n<figure class=\"wp-block-image size-large is-resized\"><img loading=\"lazy\" decoding=\"async\" src=\"http:\/\/www.tee-de-cologne.de\/wp-content\/uploads\/2016\/06\/Logo-MKW_AK_Farbig_RGB-1024x210.png\" alt=\"\" class=\"wp-image-661\" width=\"670\" height=\"137\" srcset=\"http:\/\/www.tee-de-cologne.de\/wp-content\/uploads\/2016\/06\/Logo-MKW_AK_Farbig_RGB-1024x210.png 1024w, http:\/\/www.tee-de-cologne.de\/wp-content\/uploads\/2016\/06\/Logo-MKW_AK_Farbig_RGB-300x62.png 300w, http:\/\/www.tee-de-cologne.de\/wp-content\/uploads\/2016\/06\/Logo-MKW_AK_Farbig_RGB-768x157.png 768w, http:\/\/www.tee-de-cologne.de\/wp-content\/uploads\/2016\/06\/Logo-MKW_AK_Farbig_RGB-600x123.png 600w, http:\/\/www.tee-de-cologne.de\/wp-content\/uploads\/2016\/06\/Logo-MKW_AK_Farbig_RGB-1536x315.png 1536w, http:\/\/www.tee-de-cologne.de\/wp-content\/uploads\/2016\/06\/Logo-MKW_AK_Farbig_RGB-2048x420.png 2048w\" sizes=\"auto, (max-width: 670px) 100vw, 670px\" \/><\/figure>\n","protected":false},"excerpt":{"rendered":"<p>DER PATE VON EHRENFELD Kriminalroman Marlon ist eigentlich ein netter Kerl. Und noch dazu frisch verliebt. Doch er soll die Mafiagesch\u00e4fte seines Gro\u00dfonkels in K\u00f6ln-Ehrenfeld \u00fcbernehmen, was die Sache mit dem nett sein schon mal erschwert. Ein bisschen Pech hat &hellip; <a href=\"http:\/\/www.tee-de-cologne.de\/?p=664\">Weiterlesen <span class=\"meta-nav\">&rarr;<\/span><\/a><\/p>\n","protected":false},"author":1,"featured_media":0,"comment_status":"closed","ping_status":"open","sticky":false,"template":"","format":"standard","meta":{"footnotes":""},"categories":[3],"tags":[74,157,73,156,155,16],"class_list":["post-664","post","type-post","status-publish","format-standard","hentry","category-veranstaltungen","tag-ehrenfeld","tag-kluengel","tag-koeln","tag-krimi","tag-kriminalroman","tag-lesung"],"_links":{"self":[{"href":"http:\/\/www.tee-de-cologne.de\/index.php?rest_route=\/wp\/v2\/posts\/664","targetHints":{"allow":["GET"]}}],"collection":[{"href":"http:\/\/www.tee-de-cologne.de\/index.php?rest_route=\/wp\/v2\/posts"}],"about":[{"href":"http:\/\/www.tee-de-cologne.de\/index.php?rest_route=\/wp\/v2\/types\/post"}],"author":[{"embeddable":true,"href":"http:\/\/www.tee-de-cologne.de\/index.php?rest_route=\/wp\/v2\/users\/1"}],"replies":[{"embeddable":true,"href":"http:\/\/www.tee-de-cologne.de\/index.php?rest_route=%2Fwp%2Fv2%2Fcomments&post=664"}],"version-history":[{"count":4,"href":"http:\/\/www.tee-de-cologne.de\/index.php?rest_route=\/wp\/v2\/posts\/664\/revisions"}],"predecessor-version":[{"id":669,"href":"http:\/\/www.tee-de-cologne.de\/index.php?rest_route=\/wp\/v2\/posts\/664\/revisions\/669"}],"wp:attachment":[{"href":"http:\/\/www.tee-de-cologne.de\/index.php?rest_route=%2Fwp%2Fv2%2Fmedia&parent=664"}],"wp:term":[{"taxonomy":"category","embeddable":true,"href":"http:\/\/www.tee-de-cologne.de\/index.php?rest_route=%2Fwp%2Fv2%2Fcategories&post=664"},{"taxonomy":"post_tag","embeddable":true,"href":"http:\/\/www.tee-de-cologne.de\/index.php?rest_route=%2Fwp%2Fv2%2Ftags&post=664"}],"curies":[{"name":"wp","href":"https:\/\/api.w.org\/{rel}","templated":true}]}}