{"id":455,"date":"2019-03-03T21:03:14","date_gmt":"2019-03-03T20:03:14","guid":{"rendered":"http:\/\/www.tee-de-cologne.de\/?p=455"},"modified":"2019-03-03T21:08:58","modified_gmt":"2019-03-03T20:08:58","slug":"14-03-2019-amir-shaheen-liest-aus-leuchtspuren-restlicht","status":"publish","type":"post","link":"http:\/\/www.tee-de-cologne.de\/?p=455","title":{"rendered":"14.03.2019: Amir Shaheen liest aus &#8222;Leuchtspuren Restlicht&#8220;"},"content":{"rendered":"\n<figure class=\"wp-block-image\"><img loading=\"lazy\" decoding=\"async\" width=\"707\" height=\"960\" src=\"http:\/\/www.tee-de-cologne.de\/wp-content\/uploads\/2019\/03\/cover.jpg\" alt=\"\" class=\"wp-image-456\" srcset=\"http:\/\/www.tee-de-cologne.de\/wp-content\/uploads\/2019\/03\/cover.jpg 707w, http:\/\/www.tee-de-cologne.de\/wp-content\/uploads\/2019\/03\/cover-221x300.jpg 221w, http:\/\/www.tee-de-cologne.de\/wp-content\/uploads\/2019\/03\/cover-600x815.jpg 600w\" sizes=\"auto, (max-width: 707px) 100vw, 707px\" \/><\/figure>\n\n\n\n<p style=\"text-align:center\" class=\"has-large-font-size\">Leuchtspuren Restlicht<\/p>\n\n\n\n<p style=\"text-align:center\" class=\"has-medium-font-size\"><br> Amir Shaheen stellt seinen neuen Lyrik-Band vor und liest aus seinen B\u00fcchern<\/p>\n\n\n\n<p style=\"text-align:center\" class=\"has-medium-font-size\"> Donnerstag, 14.03.2019<br> 20.00 Uhr<br><br><\/p>\n\n\n\n<p class=\"has-medium-font-size\">Der K\u00f6lner Autor Amir Shaheen pr\u00e4sentiert bei Tee de Cologne neue Gedichte aus seinem sechsten Lyrik-Band <em>Leuchtspuren Restlicht<\/em>, der im Februar im Bremer Sujet Verlag erscheint. Gegliedert in drei Gruppen, versammelt der Band rund sechzig Gedichte, darunter auch erstmals in einem Buch das Gedicht \u201eSediment\u201c, f\u00fcr das der Lyriker im November 2018 mit dem Preis postpoetry.nrw ausgezeichnet wurde. <\/p>\n\n\n\n<p class=\"has-medium-font-size\">Als regelm\u00e4\u00dfiger Gast wird Amir Shaheen im M\u00e4rz bereits zum neunten Mal im Tee de Cologne lesen. Das Publikum kennt und sch\u00e4tzt den Autor als versierten und humorvollen Sprecher seiner Texte, der auch mit satirischer Prosa bestens zu unterhalten wei\u00df.<\/p>\n\n\n\n<p class=\"has-medium-font-size\">Amir Shaheen verfolgt die Leuchtspuren in unserer Zeit und\nsp\u00fcrt auch das Restlicht in dunkleren Tagen auf. Meere, Stra\u00dfen, Aufbr\u00fcche und\nAbschiede, verrinnende und schlecht genutzte Tage, die Zeit, die man nie hatte\noder die noch bleibt, Verg\u00e4ngliches, Vergebliches, Heimat oder Unbehaustsein\nsind wiederkehrende Bilder und Motive in dieser Sammlung. Etliche Gedichte\nlie\u00dfen sich konkret verorten in der Gegenwart, an der Nordsee, auf einer\nnorddeutschen Hallig oder griechischen Inseln wie auch in den St\u00e4dten, in denen\nder Dichter lebt und sich aufh\u00e4lt. Jenseits der Beobachtung und Beschreibung,\n\u00fcber Erlebtes oder Erfahrenes weit hinaus, weisen so manche Gedichte bis ins\nSpirituelle hinein \u2014 nicht zuletzt auch das ausgezeichnete \u201eSediment\u201c.<\/p>\n\n\n\n<p class=\"has-medium-font-size\">Als Lyriker hat sich Amir Shaheen schon lange etabliert. Seit 1989 hat er in eigenen B\u00fcchern, Printmedien, Rundfunk und Internet mehr als 300 Gedichte ver\u00f6ffentlicht. Er ist in mehr als 30 Anthologien vertreten, darunter <em>Der gro\u00dfe Conrady \u2014 Das Buch deutscher Gedichte<\/em> (2008) und <em>Stadtlandfluss <\/em>(2014), eine Lyrikanthologie, die von der Kunststiftung Nordrhein-Westfalen anl\u00e4sslich ihres 25-j\u00e4hrigen Bestehens publiziert wurde, sowie in Literaturzeitschiften und Magazinen wie <em>mare \u2014 die Zeitschrift der Meere<\/em>. Seit 1994 hat der WDR-H\u00f6rfunk weit mehr als ein Dutzend Gedichte von Amir Shaheen ausgestrahlt, teils interpretiert von Mitgliedern seines Sprecherensembles, teils gelesen vom Autor selbst.<\/p>\n\n\n\n<p style=\"text-align:center\" class=\"has-large-font-size\">Eintritt: 8 \u20ac<\/p>\n","protected":false},"excerpt":{"rendered":"<p>Leuchtspuren Restlicht Amir Shaheen stellt seinen neuen Lyrik-Band vor und liest aus seinen B\u00fcchern Donnerstag, 14.03.2019 20.00 Uhr Der K\u00f6lner Autor Amir Shaheen pr\u00e4sentiert bei Tee de Cologne neue Gedichte aus seinem sechsten Lyrik-Band Leuchtspuren Restlicht, der im Februar im &hellip; <a href=\"http:\/\/www.tee-de-cologne.de\/?p=455\">Weiterlesen <span class=\"meta-nav\">&rarr;<\/span><\/a><\/p>\n","protected":false},"author":1,"featured_media":0,"comment_status":"closed","ping_status":"open","sticky":false,"template":"","format":"standard","meta":{"footnotes":""},"categories":[3],"tags":[102,16,100,103,101],"class_list":["post-455","post","type-post","status-publish","format-standard","hentry","category-veranstaltungen","tag-amir-shaheen","tag-lesung","tag-leuchtspuren","tag-lyrik","tag-sujet-verlag"],"_links":{"self":[{"href":"http:\/\/www.tee-de-cologne.de\/index.php?rest_route=\/wp\/v2\/posts\/455","targetHints":{"allow":["GET"]}}],"collection":[{"href":"http:\/\/www.tee-de-cologne.de\/index.php?rest_route=\/wp\/v2\/posts"}],"about":[{"href":"http:\/\/www.tee-de-cologne.de\/index.php?rest_route=\/wp\/v2\/types\/post"}],"author":[{"embeddable":true,"href":"http:\/\/www.tee-de-cologne.de\/index.php?rest_route=\/wp\/v2\/users\/1"}],"replies":[{"embeddable":true,"href":"http:\/\/www.tee-de-cologne.de\/index.php?rest_route=%2Fwp%2Fv2%2Fcomments&post=455"}],"version-history":[{"count":4,"href":"http:\/\/www.tee-de-cologne.de\/index.php?rest_route=\/wp\/v2\/posts\/455\/revisions"}],"predecessor-version":[{"id":462,"href":"http:\/\/www.tee-de-cologne.de\/index.php?rest_route=\/wp\/v2\/posts\/455\/revisions\/462"}],"wp:attachment":[{"href":"http:\/\/www.tee-de-cologne.de\/index.php?rest_route=%2Fwp%2Fv2%2Fmedia&parent=455"}],"wp:term":[{"taxonomy":"category","embeddable":true,"href":"http:\/\/www.tee-de-cologne.de\/index.php?rest_route=%2Fwp%2Fv2%2Fcategories&post=455"},{"taxonomy":"post_tag","embeddable":true,"href":"http:\/\/www.tee-de-cologne.de\/index.php?rest_route=%2Fwp%2Fv2%2Ftags&post=455"}],"curies":[{"name":"wp","href":"https:\/\/api.w.org\/{rel}","templated":true}]}}