{"id":444,"date":"2019-02-22T21:00:35","date_gmt":"2019-02-22T20:00:35","guid":{"rendered":"http:\/\/www.tee-de-cologne.de\/?p=444"},"modified":"2019-03-05T13:07:55","modified_gmt":"2019-03-05T12:07:55","slug":"christopher-colm-morrin","status":"publish","type":"post","link":"http:\/\/www.tee-de-cologne.de\/?p=444","title":{"rendered":"11.03.2019: Christopher Colm Morrin"},"content":{"rendered":"\n<p style=\"text-align:center\">Montag, 11. M\u00e4rz 2019<\/p>\n\n\n\n<p style=\"text-align:center\">20 Uhr<\/p>\n\n\n\n<figure class=\"wp-block-image\"><img loading=\"lazy\" decoding=\"async\" width=\"1024\" height=\"683\" src=\"http:\/\/www.tee-de-cologne.de\/wp-content\/uploads\/2019\/02\/fotoCCMtourLOWRES-1024x683.jpg\" alt=\"\" class=\"wp-image-445\" srcset=\"http:\/\/www.tee-de-cologne.de\/wp-content\/uploads\/2019\/02\/fotoCCMtourLOWRES-1024x683.jpg 1024w, http:\/\/www.tee-de-cologne.de\/wp-content\/uploads\/2019\/02\/fotoCCMtourLOWRES-300x200.jpg 300w, http:\/\/www.tee-de-cologne.de\/wp-content\/uploads\/2019\/02\/fotoCCMtourLOWRES-768x512.jpg 768w, http:\/\/www.tee-de-cologne.de\/wp-content\/uploads\/2019\/02\/fotoCCMtourLOWRES-600x400.jpg 600w\" sizes=\"auto, (max-width: 1024px) 100vw, 1024px\" \/><\/figure>\n\n\n\n<p><strong>Christopher Colm Morrin<\/strong> ist ein in Dublin geborener Musiker und Singer\/Songwriter,\nbildender K\u00fcnstler und Dichter mit Wohnsitz in Berlin. Morrin genie\u00dft derzeit\ndie Intimit\u00e4t aller drei Ausdrucksmittel, wobei der Song im Mittelpunkt steht.\nVor kurzem hat er die Originalmusik f\u00fcr den Soundtrack des Films THE\nmitgeschrieben sowie IMAGE YOU MISSED, das im Cin\u00e9ma du R\u00e9el im Centre Pompidou\nin Paris mit dem Preis f\u00fcr Originalmusik ausgezeichnet wurde. Eine Auswahl\nseiner Gedichte und Kunstwerke mit dem Titel Poems &amp; Drawings ist gerade\nerschienen.<br>\n<br>\nMorrin genie\u00dft\ndie Live-Musik-Performance, die manchmal fast sp\u00e4rlich und atmosph\u00e4risch wirken\nkann; seine kryptischen Texte, umgeben von Stille, dienen als Intervalle, die\ndie Musik leben lassen. Letztendlich geht es bei der ganzen Erfahrung darum,\neine bestimmte, alles wichtige Stimmung zu erzeugen.<\/p>\n\n\n\n<figure class=\"wp-block-embed-youtube wp-block-embed is-type-video is-provider-youtube wp-embed-aspect-16-9 wp-has-aspect-ratio\"><div class=\"wp-block-embed__wrapper\">\nhttps:\/\/youtu.be\/p_lmG-etQPE\n<\/div><\/figure>\n\n\n\n<figure class=\"wp-block-embed-youtube wp-block-embed is-type-video is-provider-youtube wp-embed-aspect-16-9 wp-has-aspect-ratio\"><div class=\"wp-block-embed__wrapper\">\n<iframe loading=\"lazy\" hcb-fetch-image-from=\"https:\/\/youtu.be\/kjf6_fXvU2A\" title=\"Christopher Colm Morrin - Inside I&#039;m Here (Live at Silent Green, Berlin 2018)\" width=\"640\" height=\"360\" src=\"https:\/\/www.youtube.com\/embed\/kjf6_fXvU2A?feature=oembed\" frameborder=\"0\" allow=\"accelerometer; autoplay; clipboard-write; encrypted-media; gyroscope; picture-in-picture; web-share\" referrerpolicy=\"strict-origin-when-cross-origin\" allowfullscreen><\/iframe>\n<\/div><\/figure>\n\n\n\n<figure class=\"wp-block-embed\"><div class=\"wp-block-embed__wrapper\">\nhttps:\/\/www.morrinartist.com\/\n<\/div><\/figure>\n\n\n\n<figure class=\"wp-block-embed\"><div class=\"wp-block-embed__wrapper\">\nhttps:\/\/www.instagram.com\/morrinartist\/\n<\/div><\/figure>\n\n\n\n<p style=\"text-align:center\">Vorverkauf: 10 \u20ac\n\nAbendkasse: 12 \u20ac\n\n\n\n<\/p>\n","protected":false},"excerpt":{"rendered":"<p>Montag, 11. M\u00e4rz 2019 20 Uhr Christopher Colm Morrin ist ein in Dublin geborener Musiker und Singer\/Songwriter, bildender K\u00fcnstler und Dichter mit Wohnsitz in Berlin. Morrin genie\u00dft derzeit die Intimit\u00e4t aller drei Ausdrucksmittel, wobei der Song im Mittelpunkt steht. Vor &hellip; <a href=\"http:\/\/www.tee-de-cologne.de\/?p=444\">Weiterlesen <span class=\"meta-nav\">&rarr;<\/span><\/a><\/p>\n","protected":false},"author":1,"featured_media":445,"comment_status":"closed","ping_status":"open","sticky":false,"template":"","format":"standard","meta":{"footnotes":""},"categories":[3],"tags":[96],"class_list":["post-444","post","type-post","status-publish","format-standard","has-post-thumbnail","hentry","category-veranstaltungen","tag-christopher-colm-morrin"],"_links":{"self":[{"href":"http:\/\/www.tee-de-cologne.de\/index.php?rest_route=\/wp\/v2\/posts\/444","targetHints":{"allow":["GET"]}}],"collection":[{"href":"http:\/\/www.tee-de-cologne.de\/index.php?rest_route=\/wp\/v2\/posts"}],"about":[{"href":"http:\/\/www.tee-de-cologne.de\/index.php?rest_route=\/wp\/v2\/types\/post"}],"author":[{"embeddable":true,"href":"http:\/\/www.tee-de-cologne.de\/index.php?rest_route=\/wp\/v2\/users\/1"}],"replies":[{"embeddable":true,"href":"http:\/\/www.tee-de-cologne.de\/index.php?rest_route=%2Fwp%2Fv2%2Fcomments&post=444"}],"version-history":[{"count":2,"href":"http:\/\/www.tee-de-cologne.de\/index.php?rest_route=\/wp\/v2\/posts\/444\/revisions"}],"predecessor-version":[{"id":463,"href":"http:\/\/www.tee-de-cologne.de\/index.php?rest_route=\/wp\/v2\/posts\/444\/revisions\/463"}],"wp:featuredmedia":[{"embeddable":true,"href":"http:\/\/www.tee-de-cologne.de\/index.php?rest_route=\/wp\/v2\/media\/445"}],"wp:attachment":[{"href":"http:\/\/www.tee-de-cologne.de\/index.php?rest_route=%2Fwp%2Fv2%2Fmedia&parent=444"}],"wp:term":[{"taxonomy":"category","embeddable":true,"href":"http:\/\/www.tee-de-cologne.de\/index.php?rest_route=%2Fwp%2Fv2%2Fcategories&post=444"},{"taxonomy":"post_tag","embeddable":true,"href":"http:\/\/www.tee-de-cologne.de\/index.php?rest_route=%2Fwp%2Fv2%2Ftags&post=444"}],"curies":[{"name":"wp","href":"https:\/\/api.w.org\/{rel}","templated":true}]}}