{"id":322,"date":"2018-05-28T11:42:01","date_gmt":"2018-05-28T09:42:01","guid":{"rendered":"http:\/\/www.tee-de-cologne.de\/?p=322"},"modified":"2018-05-30T17:51:43","modified_gmt":"2018-05-30T15:51:43","slug":"04-06-2018-fussball-lesung-von-manfred-theisen-aus-einer-von-11","status":"publish","type":"post","link":"http:\/\/www.tee-de-cologne.de\/?p=322","title":{"rendered":"04.06.2018: Fu\u00dfball-Lesung von Manfred Theisen aus &#8222;Einer von 11&#8220;"},"content":{"rendered":"<h3><img loading=\"lazy\" decoding=\"async\" class=\"alignnone size-full wp-image-320\" src=\"http:\/\/www.tee-de-cologne.de\/wp-content\/uploads\/2016\/06\/Manfred-Theisen-Einer-von-11.jpg\" alt=\"Manfred Theisen - Einer von 11\" width=\"1013\" height=\"1417\" srcset=\"http:\/\/www.tee-de-cologne.de\/wp-content\/uploads\/2016\/06\/Manfred-Theisen-Einer-von-11.jpg 1013w, http:\/\/www.tee-de-cologne.de\/wp-content\/uploads\/2016\/06\/Manfred-Theisen-Einer-von-11-214x300.jpg 214w, http:\/\/www.tee-de-cologne.de\/wp-content\/uploads\/2016\/06\/Manfred-Theisen-Einer-von-11-768x1074.jpg 768w, http:\/\/www.tee-de-cologne.de\/wp-content\/uploads\/2016\/06\/Manfred-Theisen-Einer-von-11-732x1024.jpg 732w, http:\/\/www.tee-de-cologne.de\/wp-content\/uploads\/2016\/06\/Manfred-Theisen-Einer-von-11-600x839.jpg 600w\" sizes=\"auto, (max-width: 1013px) 100vw, 1013px\" \/><\/h3>\n<h1><strong>Diese Veranstaltung muss leider auf einen sp\u00e4teren Zeitpunkt verschoben werden!<\/strong><\/h1>\n<h3><\/h3>\n<h3>Es ist wieder diese Zeit\u2026. Der Deutschen liebster Sport ist in aller Munde und an dem einen oder anderen Auto kann man schon die typische schwarz-rot-goldene Beflaggung entdecken. Da ich mich wenig f\u00fcr Fu\u00dfball interessiere, aber sehr viel f\u00fcr Lesungen, habe ich eine auch f\u00fcr mich interessante Ann\u00e4herung an das Thema gefunden, die ich am Montag, den 4. Juni ab 20 Uhr mit Euch teilen m\u00f6chte:<\/h3>\n<h3>Der K\u00f6lner Autor Manfred Theisen beantwortet in seinem Buch \u201eEiner von 11\u201c eine Frage, die sich viele schon einmal gestellt haben: Was geht in einem Fu\u00dfballer der deutschen Mannschaft kurz vor dem Einwechseln in das Spiel seines Lebens durch den Kopf? In einem temporeichen Gedankenstrom vermischen sich die Ereignisse im Stadion mit jenen aus dem Leben des Profifu\u00dfballers. Seine Kindheit war als Sohn eines Nigerianers und einer Deutschen besonders durch ein Thema gepr\u00e4gt: \u201eDas Anderssein\u201c. Doch auf dem Spielfeld werden alle Unterschiede zur Nebensache.<\/h3>\n<h3>No racism!\u00a0Denn hier ist er \u201eEINER von 11\u201c.<\/h3>\n<h3>Eines der ungew\u00f6hnlichsten B\u00fccher zum Thema Fu\u00dfball steht auf der Short List zur Preis der LitCam &#8211; vergeben von Manuel Neuer.<\/h3>\n<h3>Manfred Theisen wurde 1962 in K\u00f6ln geboren und lebt mit seiner Familie in Ehrenfeld. Er studierte Germanistik, Anglistik und Politik, forschte zwei Jahre f\u00fcr das deutsche Innenministerium in der Sowjetunion, arbeitete als Redakteur und leitete eine K\u00f6lner Zeitungsredaktion.<\/h3>\n<h3>Die Karten gibt es zum Preis von 10 \u20ac im Vorverkauf direkt im Laden oder nach Vorbestellung per E-Mail, sowie f\u00fcr 12 \u20ac an der Abendkasse.\u00a0Rausgegangen Special: Mit dem Rausweis kommst du 3 \u20ac g\u00fcnstiger rein! Weitere Infos zum Rausweis hier: https:\/\/rausgegangen.de\/rausweis-willst-du-mit-mir-rausgehen-neu<\/h3>\n<h3>Das Buch \u201eEINER von 11\u201c von Manfred Theisen (64 Seiten, Loewe-Verlag, ISBN 978-3-7855-8912-0) wird zum Preis von 6,95 \u20ac bei der Lesung erh\u00e4ltlich sein.<\/h3>\n<h3>Viele Gr\u00fc\u00dfe<\/h3>\n<h3>Silvia Legat<\/h3>\n<h3><img loading=\"lazy\" decoding=\"async\" class=\"alignnone size-full wp-image-318\" src=\"http:\/\/www.tee-de-cologne.de\/wp-content\/uploads\/2016\/06\/Theisen_Manfred.jpg\" alt=\"Theisen_Manfred\" width=\"1181\" height=\"1772\" srcset=\"http:\/\/www.tee-de-cologne.de\/wp-content\/uploads\/2016\/06\/Theisen_Manfred.jpg 1181w, http:\/\/www.tee-de-cologne.de\/wp-content\/uploads\/2016\/06\/Theisen_Manfred-200x300.jpg 200w, http:\/\/www.tee-de-cologne.de\/wp-content\/uploads\/2016\/06\/Theisen_Manfred-768x1152.jpg 768w, http:\/\/www.tee-de-cologne.de\/wp-content\/uploads\/2016\/06\/Theisen_Manfred-682x1024.jpg 682w, http:\/\/www.tee-de-cologne.de\/wp-content\/uploads\/2016\/06\/Theisen_Manfred-600x900.jpg 600w\" sizes=\"auto, (max-width: 1181px) 100vw, 1181px\" \/><\/h3>\n","protected":false},"excerpt":{"rendered":"<p>Diese Veranstaltung muss leider auf einen sp\u00e4teren Zeitpunkt verschoben werden! Es ist wieder diese Zeit\u2026. Der Deutschen liebster Sport ist in aller Munde und an dem einen oder anderen Auto kann man schon die typische schwarz-rot-goldene Beflaggung entdecken. Da ich &hellip; <a href=\"http:\/\/www.tee-de-cologne.de\/?p=322\">Weiterlesen <span class=\"meta-nav\">&rarr;<\/span><\/a><\/p>\n","protected":false},"author":1,"featured_media":0,"comment_status":"closed","ping_status":"open","sticky":false,"template":"","format":"standard","meta":{"footnotes":""},"categories":[3],"tags":[54,16,56,55],"class_list":["post-322","post","type-post","status-publish","format-standard","hentry","category-veranstaltungen","tag-fussball","tag-lesung","tag-manfred-theisen","tag-wm"],"_links":{"self":[{"href":"http:\/\/www.tee-de-cologne.de\/index.php?rest_route=\/wp\/v2\/posts\/322","targetHints":{"allow":["GET"]}}],"collection":[{"href":"http:\/\/www.tee-de-cologne.de\/index.php?rest_route=\/wp\/v2\/posts"}],"about":[{"href":"http:\/\/www.tee-de-cologne.de\/index.php?rest_route=\/wp\/v2\/types\/post"}],"author":[{"embeddable":true,"href":"http:\/\/www.tee-de-cologne.de\/index.php?rest_route=\/wp\/v2\/users\/1"}],"replies":[{"embeddable":true,"href":"http:\/\/www.tee-de-cologne.de\/index.php?rest_route=%2Fwp%2Fv2%2Fcomments&post=322"}],"version-history":[{"count":3,"href":"http:\/\/www.tee-de-cologne.de\/index.php?rest_route=\/wp\/v2\/posts\/322\/revisions"}],"predecessor-version":[{"id":326,"href":"http:\/\/www.tee-de-cologne.de\/index.php?rest_route=\/wp\/v2\/posts\/322\/revisions\/326"}],"wp:attachment":[{"href":"http:\/\/www.tee-de-cologne.de\/index.php?rest_route=%2Fwp%2Fv2%2Fmedia&parent=322"}],"wp:term":[{"taxonomy":"category","embeddable":true,"href":"http:\/\/www.tee-de-cologne.de\/index.php?rest_route=%2Fwp%2Fv2%2Fcategories&post=322"},{"taxonomy":"post_tag","embeddable":true,"href":"http:\/\/www.tee-de-cologne.de\/index.php?rest_route=%2Fwp%2Fv2%2Ftags&post=322"}],"curies":[{"name":"wp","href":"https:\/\/api.w.org\/{rel}","templated":true}]}}