{"id":315,"date":"2018-05-09T12:19:13","date_gmt":"2018-05-09T10:19:13","guid":{"rendered":"http:\/\/www.tee-de-cologne.de\/?p=315"},"modified":"2018-05-09T12:19:21","modified_gmt":"2018-05-09T10:19:21","slug":"30-05-2018-gerd-koester-liest","status":"publish","type":"post","link":"http:\/\/www.tee-de-cologne.de\/?p=315","title":{"rendered":"30.05.2018: Gerd K\u00f6ster liest&#8230;."},"content":{"rendered":"<h3>\u00a0<img loading=\"lazy\" decoding=\"async\" class=\"alignnone size-full wp-image-312\" src=\"http:\/\/www.tee-de-cologne.de\/wp-content\/uploads\/2016\/06\/Gerd-K\u00f6ster-resized-1.jpg\" alt=\"Gerd K\u00f6ster resized\" width=\"5456\" height=\"3739\" srcset=\"http:\/\/www.tee-de-cologne.de\/wp-content\/uploads\/2016\/06\/Gerd-K\u00f6ster-resized-1.jpg 5456w, http:\/\/www.tee-de-cologne.de\/wp-content\/uploads\/2016\/06\/Gerd-K\u00f6ster-resized-1-300x206.jpg 300w, http:\/\/www.tee-de-cologne.de\/wp-content\/uploads\/2016\/06\/Gerd-K\u00f6ster-resized-1-768x526.jpg 768w, http:\/\/www.tee-de-cologne.de\/wp-content\/uploads\/2016\/06\/Gerd-K\u00f6ster-resized-1-1024x702.jpg 1024w, http:\/\/www.tee-de-cologne.de\/wp-content\/uploads\/2016\/06\/Gerd-K\u00f6ster-resized-1-600x411.jpg 600w\" sizes=\"auto, (max-width: 5456px) 100vw, 5456px\" \/><\/h3>\n<h3><\/h3>\n<h1 style=\"text-align: center;\">Gerd K\u00f6ster liest \u2026.<\/h1>\n<h1 style=\"text-align: center;\">\u2026. aus \u201eSchottenrock\u201c von David F. Ross<\/h1>\n<h3><\/h3>\n<h3>Es ist eine sch\u00f6ne und jahrelange Tradition, dass Gerd K\u00f6ster Ende Mai in der Reihe [Tee] Kultur im kleinen Kreis bei Tee de Cologne liest. Wie die meisten kenne und sch\u00e4tze ich ihn besonders als S\u00e4nger, aber seine Sprechstimme ist genauso fantastisch und wandlungsf\u00e4hig. Ich sage immer, er k\u00f6nnte auch das K\u00f6lner Telefonbuch vorlesen, ich w\u00fcrde trotzdem an seinen Lippen h\u00e4ngen.<\/h3>\n<h3>Deshalb besuchte ich bei der diesj\u00e4hrigen Lit.Cologne auch die Lesungen, bei denen Gerd K\u00f6ster beteiligt war. Die des Schotten David F. Ross aus seinem Buch \u201eSchottenrock\u201c war besonders unterhaltsam und deshalb habe ich Gerd K\u00f6ster gebeten, daraus auch bei Tee de Cologne zu lesen.<\/h3>\n<h3>Das wird er am Mittwoch, den 30. Mai 2018 (der Tag vor Fronleichnam) ab 20 Uhr tun.<\/h3>\n<h3>Der Traum von der Unsterblichkeit. Diesen Traum verfolgen in der tristen schottischen Provinz vier Jugendliche. Und es kommt einem Wunder gleich, als sie 1984 mit ihrer Band pl\u00f6tzlich einen Smash-Hit landen. Eine internationale Karriere scheint m\u00f6glich. Doch in Kilmarnock gehen die Uhren anders. Weitab vom Gro\u00dfstadtdschungel ger\u00e4t die Band zwischen die Fronten der sich bek\u00e4mpfenden Familienclans und Kleinstatdtgangster. Und pl\u00f6tzlich taucht auch noch Boy George auf &#8230;<\/h3>\n<p>Schottenrock\u00a0ist eine wahnsinnig witzige, rasante und doch auch zutiefst menschliche Geschichte \u00fcber Kleinstadtrivalit\u00e4t, Musik, Erwachsenwerden und die Hoffnung auf ein besseres Leben.<\/p>\n<h3><\/h3>\n<h3>Eintrittskarten gibt es zum Vorverkaufspreis von 12 \u20ac im Laden oder f\u00fcr 15 \u20ac an der Abendkasse. Die Veranstaltung hat sich schon herumgesprochen, deshalb gibt es bereits jetzt schon viele Reservierungen und es wird wahrscheinlich gar keine Abendkasse geben.<\/h3>\n","protected":false},"excerpt":{"rendered":"<p>\u00a0 Gerd K\u00f6ster liest \u2026. \u2026. aus \u201eSchottenrock\u201c von David F. Ross Es ist eine sch\u00f6ne und jahrelange Tradition, dass Gerd K\u00f6ster Ende Mai in der Reihe [Tee] Kultur im kleinen Kreis bei Tee de Cologne liest. Wie die meisten &hellip; <a href=\"http:\/\/www.tee-de-cologne.de\/?p=315\">Weiterlesen <span class=\"meta-nav\">&rarr;<\/span><\/a><\/p>\n","protected":false},"author":1,"featured_media":0,"comment_status":"closed","ping_status":"open","sticky":false,"template":"","format":"standard","meta":{"footnotes":""},"categories":[3],"tags":[49,47,16,51,48,50],"class_list":["post-315","post","type-post","status-publish","format-standard","hentry","category-veranstaltungen","tag-david-f-ross","tag-gerd-koester","tag-lesung","tag-musik","tag-schottenrock","tag-schottland"],"_links":{"self":[{"href":"http:\/\/www.tee-de-cologne.de\/index.php?rest_route=\/wp\/v2\/posts\/315","targetHints":{"allow":["GET"]}}],"collection":[{"href":"http:\/\/www.tee-de-cologne.de\/index.php?rest_route=\/wp\/v2\/posts"}],"about":[{"href":"http:\/\/www.tee-de-cologne.de\/index.php?rest_route=\/wp\/v2\/types\/post"}],"author":[{"embeddable":true,"href":"http:\/\/www.tee-de-cologne.de\/index.php?rest_route=\/wp\/v2\/users\/1"}],"replies":[{"embeddable":true,"href":"http:\/\/www.tee-de-cologne.de\/index.php?rest_route=%2Fwp%2Fv2%2Fcomments&post=315"}],"version-history":[{"count":2,"href":"http:\/\/www.tee-de-cologne.de\/index.php?rest_route=\/wp\/v2\/posts\/315\/revisions"}],"predecessor-version":[{"id":317,"href":"http:\/\/www.tee-de-cologne.de\/index.php?rest_route=\/wp\/v2\/posts\/315\/revisions\/317"}],"wp:attachment":[{"href":"http:\/\/www.tee-de-cologne.de\/index.php?rest_route=%2Fwp%2Fv2%2Fmedia&parent=315"}],"wp:term":[{"taxonomy":"category","embeddable":true,"href":"http:\/\/www.tee-de-cologne.de\/index.php?rest_route=%2Fwp%2Fv2%2Fcategories&post=315"},{"taxonomy":"post_tag","embeddable":true,"href":"http:\/\/www.tee-de-cologne.de\/index.php?rest_route=%2Fwp%2Fv2%2Ftags&post=315"}],"curies":[{"name":"wp","href":"https:\/\/api.w.org\/{rel}","templated":true}]}}