{"id":286,"date":"2018-04-09T21:36:42","date_gmt":"2018-04-09T19:36:42","guid":{"rendered":"http:\/\/www.tee-de-cologne.de\/?p=286"},"modified":"2018-04-24T11:24:00","modified_gmt":"2018-04-24T09:24:00","slug":"2-juni-2018-anna-pancaldi-me-for-queen","status":"publish","type":"post","link":"http:\/\/www.tee-de-cologne.de\/?p=286","title":{"rendered":"2. Juni 2018: Anna Pancaldi &#038; Me for Queen"},"content":{"rendered":"<h1 style=\"text-align: center;\"><img loading=\"lazy\" decoding=\"async\" class=\"alignnone size-full wp-image-295\" src=\"http:\/\/www.tee-de-cologne.de\/wp-content\/uploads\/2018\/04\/Poster_klein.jpg\" alt=\"Poster_klein\" width=\"1414\" height=\"1280\" srcset=\"http:\/\/www.tee-de-cologne.de\/wp-content\/uploads\/2018\/04\/Poster_klein.jpg 1414w, http:\/\/www.tee-de-cologne.de\/wp-content\/uploads\/2018\/04\/Poster_klein-300x272.jpg 300w, http:\/\/www.tee-de-cologne.de\/wp-content\/uploads\/2018\/04\/Poster_klein-768x695.jpg 768w, http:\/\/www.tee-de-cologne.de\/wp-content\/uploads\/2018\/04\/Poster_klein-1024x927.jpg 1024w, http:\/\/www.tee-de-cologne.de\/wp-content\/uploads\/2018\/04\/Poster_klein-600x543.jpg 600w\" sizes=\"auto, (max-width: 1414px) 100vw, 1414px\" \/>Anna Pancaldi &amp; Me for Queen<\/h1>\n<h1 style=\"text-align: center;\">Samstag, 02. Juni 2018, 20 Uhr<\/h1>\n<h3><\/h3>\n<h3>Aufgewachsen in Kapstadt, S\u00fcdafrika, begann <strong>Anna Pancaldi<\/strong> als junge Teenagerin, Musik zu schreiben. Nach ihrer R\u00fcckkehr nach Gro\u00dfbritannien studierte Anna Musik und reiste danach neun Monate lang um die Welt, um Musik zu schreiben und zu spielen. Nach ihrer R\u00fcckkehr zog Anna nach London, um ihre Musikkarriere zu beginnen.<\/h3>\n<h3>Beeinflusst von Joni Mitchell, Jeff Buckley und Carol King, verspricht Annas eindringliche, tiefe und reife Stimme neben ihrer nachdenklich stimmenden und rauhen Musik dem Publikum in Erinnerung zu bleiben.<\/h3>\n<h3 style=\"padding-left: 30px;\"><em>\u00a0<\/em>\u2018Brother\u2019<\/h3>\n<h3 style=\"padding-left: 30px;\"><a href=\"https:\/\/www.youtube.com\/watch?v=OhI5UCZUwr4\">https:\/\/www.youtube.com\/watch?v=OhI5UCZUwr4<\/a><\/h3>\n<h3 style=\"padding-left: 30px;\">\u00a0\u2018Keep On Keeping On\u2019<\/h3>\n<h3 style=\"padding-left: 30px;\"><a href=\"https:\/\/www.youtube.com\/watch?v=NWCuT-or7d8\">https:\/\/www.youtube.com\/watch?v=NWCuT-or7d8<\/a><\/h3>\n<h3 style=\"padding-left: 30px;\">\u2018Stay Right Here\u2019 Live<\/h3>\n<h3 style=\"padding-left: 30px;\"><a href=\"https:\/\/www.youtube.com\/watch?v=BIU25HX-EuU\">https:\/\/www.youtube.com\/watch?v=BIU25HX-EuU<\/a><\/h3>\n<h3 style=\"padding-left: 30px;\">\u2018Runaway\u2019<\/h3>\n<h3 style=\"padding-left: 30px;\"><a href=\"https:\/\/www.youtube.com\/watch?v=hrJbyozU_Cw\">https:\/\/www.youtube.com\/watch?v=hrJbyozU_Cw<\/a><\/h3>\n<h3 style=\"padding-left: 30px;\">\u00a0<a href=\"http:\/\/www.annapancaldi.com\">http:\/\/www.annapancaldi.com<\/a><\/h3>\n<h3 style=\"padding-left: 30px;\"><a href=\"https:\/\/twitter.com\/annapancaldi\">https:\/\/twitter.com\/annapancaldi<\/a><\/h3>\n<h3 style=\"padding-left: 30px;\"><a href=\"https:\/\/www.facebook.com\/annapancaldimusic\/\">https:\/\/www.facebook.com\/annapancaldimusic\/<\/a><\/h3>\n<h3 style=\"padding-left: 30px;\"><a href=\"https:\/\/open.spotify.com\/artist\/6om1oTl0iSZGBRs52bJEqI\">https:\/\/open.spotify.com\/artist\/6om1oTl0iSZGBRs52bJEqI<\/a><\/h3>\n<h3 style=\"padding-left: 30px;\"><a href=\"https:\/\/www.instagram.com\/annapancaldi\">https:\/\/www.instagram.com\/annapancaldi<\/a><\/h3>\n<h3 style=\"padding-left: 30px;\"><a href=\"https:\/\/www.youtube.com\/user\/Annapancaldi\">https:\/\/www.youtube.com\/user\/Annapancaldi<\/a><\/h3>\n<h3><\/h3>\n<h3><\/h3>\n<p>&nbsp;<\/p>\n<p>&nbsp;<\/p>\n<p>&nbsp;<\/p>\n<h3>Aufgewachsen im l\u00e4ndlichem Fife\/Schottland in einem gro\u00dfen, alten Haus am Meer, ist <strong>Me for Queen alias Mary Erskine<\/strong> von Menschen und ihren Geschichten inspiriert. Die Jahre des klassischen Trainings zusammen mit einem Bluesgitarrist als Vater ergeben eine interessante Mischung aus Soul und Folk, die Vergleiche mit einer Reihe von K\u00fcnstlern wie Regina Spektor bis hin zu Carole King und Kate Bush erlauben.<\/h3>\n<h3>Folk Radio UK schrieb \u00fcber ihre letzten Single, Jessica, die im August auf Seahorse Music ver\u00f6ffentlicht wurde: &#8222;Die Kombination aus der \u00fcppigen Poesie mit einer der sch\u00f6nsten, emotionalsten Stimmen, die ich seit langem geh\u00f6rt habe, l\u00e4sst Me for Queen aus der Masse herausstechen.\u201c<\/h3>\n<h3>Im letzten Jahr spielte sie zwei Headliner-UK-Tourneen, darunter ausverkaufte Shows im Londoner Paper Dress Vintage und in der Sound Lounge.<\/h3>\n<h3 style=\"padding-left: 30px;\"><a href=\"http:\/\/www.facebook.com\/meforqueenmusic\"><strong>www.facebook.com\/meforqueenmusic<\/strong><\/a><\/h3>\n<h3 style=\"padding-left: 30px;\"><strong>www.meforqueen.com<\/strong><\/h3>\n<h3 style=\"padding-left: 30px;\"><a href=\"http:\/\/www.soundcloud.com\/meforqueen\"><strong>www.soundcloud.com\/meforqueen<\/strong><\/a><\/h3>\n<h3 style=\"padding-left: 30px;\"><a href=\"http:\/\/www.twitter.com\/meforqueen\"><strong>www.twitter.com\/meforqueen<\/strong><\/a><\/h3>\n<h3 style=\"padding-left: 30px;\"><strong>www.instagram\/com\/meforqueen<\/strong><\/h3>\n<h3 style=\"padding-left: 30px;\"><a href=\"https:\/\/open.spotify.com\/artist\/1H7mNprYkefKwq5C0VWS9M\"><strong>https:\/\/open.spotify.com\/artist\/1H7mNprYkefKwq5C0VWS9M<\/strong><\/a><\/h3>\n<h3><\/h3>\n<p>Eintrittskarten gibt es zum Vorverkaufspreis von 12 \u20ac im Laden oder nach Reservierung per E-Mail an info@tee-de-cologne.de oder f\u00fcr 15 \u20ac an der Abendkasse. Rausgegangen Special: Mit dem Rausweis kommst du 3 \u20ac g\u00fcnstiger rein! Weitere Infos zum Rausweis hier: https:\/\/rausgegangen.de\/rausweis-willst-du-mit-mir-rausgehen-neu<\/p>\n","protected":false},"excerpt":{"rendered":"<p>Anna Pancaldi &amp; Me for Queen Samstag, 02. Juni 2018, 20 Uhr Aufgewachsen in Kapstadt, S\u00fcdafrika, begann Anna Pancaldi als junge Teenagerin, Musik zu schreiben. Nach ihrer R\u00fcckkehr nach Gro\u00dfbritannien studierte Anna Musik und reiste danach neun Monate lang um &hellip; <a href=\"http:\/\/www.tee-de-cologne.de\/?p=286\">Weiterlesen <span class=\"meta-nav\">&rarr;<\/span><\/a><\/p>\n","protected":false},"author":1,"featured_media":0,"comment_status":"closed","ping_status":"open","sticky":false,"template":"","format":"standard","meta":{"footnotes":""},"categories":[3],"tags":[44,25,46,45,40,41,9],"class_list":["post-286","post","type-post","status-publish","format-standard","hentry","category-veranstaltungen","tag-anna-pancaldi","tag-konzert","tag-mary-erskine","tag-me-for-queen","tag-rausgegangen","tag-rausweis-by-rausgegangen","tag-singersongwriter"],"_links":{"self":[{"href":"http:\/\/www.tee-de-cologne.de\/index.php?rest_route=\/wp\/v2\/posts\/286","targetHints":{"allow":["GET"]}}],"collection":[{"href":"http:\/\/www.tee-de-cologne.de\/index.php?rest_route=\/wp\/v2\/posts"}],"about":[{"href":"http:\/\/www.tee-de-cologne.de\/index.php?rest_route=\/wp\/v2\/types\/post"}],"author":[{"embeddable":true,"href":"http:\/\/www.tee-de-cologne.de\/index.php?rest_route=\/wp\/v2\/users\/1"}],"replies":[{"embeddable":true,"href":"http:\/\/www.tee-de-cologne.de\/index.php?rest_route=%2Fwp%2Fv2%2Fcomments&post=286"}],"version-history":[{"count":6,"href":"http:\/\/www.tee-de-cologne.de\/index.php?rest_route=\/wp\/v2\/posts\/286\/revisions"}],"predecessor-version":[{"id":305,"href":"http:\/\/www.tee-de-cologne.de\/index.php?rest_route=\/wp\/v2\/posts\/286\/revisions\/305"}],"wp:attachment":[{"href":"http:\/\/www.tee-de-cologne.de\/index.php?rest_route=%2Fwp%2Fv2%2Fmedia&parent=286"}],"wp:term":[{"taxonomy":"category","embeddable":true,"href":"http:\/\/www.tee-de-cologne.de\/index.php?rest_route=%2Fwp%2Fv2%2Fcategories&post=286"},{"taxonomy":"post_tag","embeddable":true,"href":"http:\/\/www.tee-de-cologne.de\/index.php?rest_route=%2Fwp%2Fv2%2Ftags&post=286"}],"curies":[{"name":"wp","href":"https:\/\/api.w.org\/{rel}","templated":true}]}}